{"id":16364,"date":"2023-05-25T11:51:32","date_gmt":"2023-05-25T11:51:32","guid":{"rendered":"https:\/\/www.hotihoteis.com\/?p=16364"},"modified":"2023-05-25T12:04:15","modified_gmt":"2023-05-25T12:04:15","slug":"melia-lisboa-oriente-25aniversario","status":"publish","type":"post","link":"https:\/\/www.hotihoteis.com\/pt-pt\/melia-lisboa-oriente-25aniversario\/","title":{"rendered":"Meli\u00e1 Lisboa Oriente celebra 25\u00ba Anivers\u00e1rio"},"content":{"rendered":"<p>No passado dia 22 de maio, o Hotel Meli\u00e1 Lisboa Oriente, localizado no Parque das Na\u00e7\u00f5es, em Lisboa, celebrou 25 anos de atividade. O hotel foi o primeiro estabelecimento hoteleiro na zona da Expo&#8217;98, um marco hist\u00f3rico para Portugal. Na ocasi\u00e3o, o CEO da Hoti Hoteis, Miguel Caldeira Proen\u00e7a, destacou que o hotel foi uma aposta arriscada na \u00e9poca, mas que se tornou um sucesso. Desde ent\u00e3o, o Meli\u00e1 Lisboa Oriente passou por v\u00e1rias renova\u00e7\u00f5es, incluindo o recente rebranding.<\/p>\n<p>Para celebrar o anivers\u00e1rio da Expo&#8217;98 e do Parque das Na\u00e7\u00f5es, o Meli\u00e1 Lisboa Oriente lan\u00e7ou o \u201cGastronomia Expo&#8217;98 &#8211; Comidas do Mundo\u201d, um almo\u00e7o buffet tem\u00e1tico que homenageia os 25 anos do evento. Todas as quarta-feira, de 24 de maio a 24 de setembro, o hotel apresentar\u00e1 almo\u00e7os tem\u00e1ticos com pratos caracter\u00edsticos de diferentes continentes e cada almo\u00e7o vendido contribuir\u00e1 com 1\u20ac para a Funda\u00e7\u00e3o do Gil.<\/p>\n<p>No evento de celebra\u00e7\u00e3o do 25\u00ba anivers\u00e1rio do Meli\u00e1 Oriente, estiveram presentes diversas personalidades, como o presidente da C\u00e2mara de Lisboa, Carlos Moedas, o presidente da Junta de Freguesia Parque das Na\u00e7\u00f5es, Carlos Ardisson, e os estilistas respons\u00e1veis pelas fardas dos colaboradores da Expo&#8217;98, Maria Gambina e Jos\u00e9 Ant\u00f3nio Tenente, entre outros convidados, incluindo a presen\u00e7a muito especial do Gil, mascote da Expo\u201998.<\/p>\n<p>O hotel renovou o site <a href=\"https:\/\/www.melialisboaoriente.com\/memorias-expo\/\">Mem\u00f3rias Expo\u201998<\/a> destinado a apresentar a import\u00e2ncia e impacto deste evento na cidade de Lisboa, sendo poss\u00edvel a navega\u00e7\u00e3o neste site atrav\u00e9s do novo touch screen instalado no lobby.<\/p>\n<p>O Meli\u00e1 Lisboa Oriente, est\u00e1 empenhado em preservar a mem\u00f3ria da Expo&#8217;98, incluindo elementos decorativos que remetem ao evento e oferecer experi\u00eancias gastron\u00f3micas especiais, refor\u00e7ando o seu compromisso em proporcionar aos h\u00f3spedes uma estadia \u00fanica, onde a hist\u00f3ria se mistura com o conforto contempor\u00e2neo.<\/p>\n<p>&nbsp;<\/p>\n","protected":false},"excerpt":{"rendered":"<p>No passado dia 22 de maio, o Hotel Meli\u00e1 Lisboa Oriente, localizado no Parque das Na\u00e7\u00f5es, em Lisboa, celebrou 25 anos de atividade. O hotel foi o primeiro estabelecimento hoteleiro na zona da Expo&#8217;98, um marco hist\u00f3rico para Portugal. Na ocasi\u00e3o, o CEO da Hoti Hoteis, Miguel Caldeira Proen\u00e7a, destacou que o hotel foi uma [&hellip;]<\/p>\n","protected":false},"author":8,"featured_media":16349,"comment_status":"open","ping_status":"closed","sticky":false,"template":"","format":"standard","meta":{"_acf_changed":false,"footnotes":""},"categories":[4],"tags":[],"class_list":["post-16364","post","type-post","status-publish","format-standard","hentry","category-sem-categoria"],"acf":[],"yoast_head":"<!-- This site is optimized with the Yoast SEO plugin v27.5 - https:\/\/yoast.com\/product\/yoast-seo-wordpress\/ -->\n<title>Meli\u00e1 Lisboa Oriente celebra 25\u00ba Anivers\u00e1rio - Hoti Hoteis<\/title>\n<meta name=\"robots\" content=\"index, follow, max-snippet:-1, max-image-preview:large, max-video-preview:-1\" \/>\n<link rel=\"canonical\" href=\"https:\/\/www.hotihoteis.com\/pt-pt\/melia-lisboa-oriente-25aniversario\/\" \/>\n<meta property=\"og:locale\" content=\"pt_PT\" \/>\n<meta property=\"og:type\" content=\"article\" \/>\n<meta property=\"og:title\" content=\"Meli\u00e1 Lisboa Oriente celebra 25\u00ba Anivers\u00e1rio - Hoti Hoteis\" \/>\n<meta property=\"og:description\" content=\"No passado dia 22 de maio, o Hotel Meli\u00e1 Lisboa Oriente, localizado no Parque das Na\u00e7\u00f5es, em Lisboa, celebrou 25 anos de atividade. O hotel foi o primeiro estabelecimento hoteleiro na zona da Expo&#8217;98, um marco hist\u00f3rico para Portugal. Na ocasi\u00e3o, o CEO da Hoti Hoteis, Miguel Caldeira Proen\u00e7a, destacou que o hotel foi uma [&hellip;]\" \/>\n<meta property=\"og:url\" content=\"https:\/\/www.hotihoteis.com\/pt-pt\/melia-lisboa-oriente-25aniversario\/\" \/>\n<meta property=\"og:site_name\" content=\"Hoti Hoteis\" \/>\n<meta property=\"article:published_time\" content=\"2023-05-25T11:51:32+00:00\" \/>\n<meta property=\"article:modified_time\" content=\"2023-05-25T12:04:15+00:00\" \/>\n<meta property=\"og:image\" content=\"https:\/\/www.hotihoteis.com\/wp-content\/uploads\/2023\/05\/700x300px_VS1.jpg\" \/>\n\t<meta property=\"og:image:width\" content=\"700\" \/>\n\t<meta property=\"og:image:height\" content=\"300\" \/>\n\t<meta property=\"og:image:type\" content=\"image\/jpeg\" \/>\n<meta name=\"author\" content=\"Manuel Alves\" \/>\n<meta name=\"twitter:card\" content=\"summary_large_image\" \/>\n<meta name=\"twitter:label1\" content=\"Escrito por\" \/>\n\t<meta name=\"twitter:data1\" content=\"Manuel Alves\" \/>\n\t<meta name=\"twitter:label2\" content=\"Tempo estimado de leitura\" \/>\n\t<meta name=\"twitter:data2\" content=\"2 minutos\" \/>\n<script type=\"application\/ld+json\" class=\"yoast-schema-graph\">{\"@context\":\"https:\\\/\\\/schema.org\",\"@graph\":[{\"@type\":\"Article\",\"@id\":\"https:\\\/\\\/www.hotihoteis.com\\\/pt-pt\\\/melia-lisboa-oriente-25aniversario\\\/#article\",\"isPartOf\":{\"@id\":\"https:\\\/\\\/www.hotihoteis.com\\\/pt-pt\\\/melia-lisboa-oriente-25aniversario\\\/\"},\"author\":{\"name\":\"Manuel Alves\",\"@id\":\"https:\\\/\\\/www.hotihoteis.com\\\/pt-pt\\\/#\\\/schema\\\/person\\\/b7b66b8333969d72c1c6e3dccc29da52\"},\"headline\":\"Meli\u00e1 Lisboa Oriente celebra 25\u00ba Anivers\u00e1rio\",\"datePublished\":\"2023-05-25T11:51:32+00:00\",\"dateModified\":\"2023-05-25T12:04:15+00:00\",\"mainEntityOfPage\":{\"@id\":\"https:\\\/\\\/www.hotihoteis.com\\\/pt-pt\\\/melia-lisboa-oriente-25aniversario\\\/\"},\"wordCount\":324,\"commentCount\":0,\"image\":{\"@id\":\"https:\\\/\\\/www.hotihoteis.com\\\/pt-pt\\\/melia-lisboa-oriente-25aniversario\\\/#primaryimage\"},\"thumbnailUrl\":\"https:\\\/\\\/www.hotihoteis.com\\\/wp-content\\\/uploads\\\/2023\\\/05\\\/700x300px_VS1.jpg\",\"inLanguage\":\"pt-PT\",\"potentialAction\":[{\"@type\":\"CommentAction\",\"name\":\"Comment\",\"target\":[\"https:\\\/\\\/www.hotihoteis.com\\\/pt-pt\\\/melia-lisboa-oriente-25aniversario\\\/#respond\"]}]},{\"@type\":\"WebPage\",\"@id\":\"https:\\\/\\\/www.hotihoteis.com\\\/pt-pt\\\/melia-lisboa-oriente-25aniversario\\\/\",\"url\":\"https:\\\/\\\/www.hotihoteis.com\\\/pt-pt\\\/melia-lisboa-oriente-25aniversario\\\/\",\"name\":\"Meli\u00e1 Lisboa Oriente celebra 25\u00ba Anivers\u00e1rio - Hoti Hoteis\",\"isPartOf\":{\"@id\":\"https:\\\/\\\/www.hotihoteis.com\\\/pt-pt\\\/#website\"},\"primaryImageOfPage\":{\"@id\":\"https:\\\/\\\/www.hotihoteis.com\\\/pt-pt\\\/melia-lisboa-oriente-25aniversario\\\/#primaryimage\"},\"image\":{\"@id\":\"https:\\\/\\\/www.hotihoteis.com\\\/pt-pt\\\/melia-lisboa-oriente-25aniversario\\\/#primaryimage\"},\"thumbnailUrl\":\"https:\\\/\\\/www.hotihoteis.com\\\/wp-content\\\/uploads\\\/2023\\\/05\\\/700x300px_VS1.jpg\",\"datePublished\":\"2023-05-25T11:51:32+00:00\",\"dateModified\":\"2023-05-25T12:04:15+00:00\",\"author\":{\"@id\":\"https:\\\/\\\/www.hotihoteis.com\\\/pt-pt\\\/#\\\/schema\\\/person\\\/b7b66b8333969d72c1c6e3dccc29da52\"},\"breadcrumb\":{\"@id\":\"https:\\\/\\\/www.hotihoteis.com\\\/pt-pt\\\/melia-lisboa-oriente-25aniversario\\\/#breadcrumb\"},\"inLanguage\":\"pt-PT\",\"potentialAction\":[{\"@type\":\"ReadAction\",\"target\":[\"https:\\\/\\\/www.hotihoteis.com\\\/pt-pt\\\/melia-lisboa-oriente-25aniversario\\\/\"]}]},{\"@type\":\"ImageObject\",\"inLanguage\":\"pt-PT\",\"@id\":\"https:\\\/\\\/www.hotihoteis.com\\\/pt-pt\\\/melia-lisboa-oriente-25aniversario\\\/#primaryimage\",\"url\":\"https:\\\/\\\/www.hotihoteis.com\\\/wp-content\\\/uploads\\\/2023\\\/05\\\/700x300px_VS1.jpg\",\"contentUrl\":\"https:\\\/\\\/www.hotihoteis.com\\\/wp-content\\\/uploads\\\/2023\\\/05\\\/700x300px_VS1.jpg\",\"width\":700,\"height\":300},{\"@type\":\"BreadcrumbList\",\"@id\":\"https:\\\/\\\/www.hotihoteis.com\\\/pt-pt\\\/melia-lisboa-oriente-25aniversario\\\/#breadcrumb\",\"itemListElement\":[{\"@type\":\"ListItem\",\"position\":1,\"name\":\"Home\",\"item\":\"https:\\\/\\\/www.hotihoteis.com\\\/pt-pt\\\/\"},{\"@type\":\"ListItem\",\"position\":2,\"name\":\"Meli\u00e1 Lisboa Oriente celebra 25\u00ba Anivers\u00e1rio\"}]},{\"@type\":\"WebSite\",\"@id\":\"https:\\\/\\\/www.hotihoteis.com\\\/pt-pt\\\/#website\",\"url\":\"https:\\\/\\\/www.hotihoteis.com\\\/pt-pt\\\/\",\"name\":\"Hoti Hoteis\",\"description\":\"Just another WordPress site\",\"potentialAction\":[{\"@type\":\"SearchAction\",\"target\":{\"@type\":\"EntryPoint\",\"urlTemplate\":\"https:\\\/\\\/www.hotihoteis.com\\\/pt-pt\\\/?s={search_term_string}\"},\"query-input\":{\"@type\":\"PropertyValueSpecification\",\"valueRequired\":true,\"valueName\":\"search_term_string\"}}],\"inLanguage\":\"pt-PT\"},{\"@type\":\"Person\",\"@id\":\"https:\\\/\\\/www.hotihoteis.com\\\/pt-pt\\\/#\\\/schema\\\/person\\\/b7b66b8333969d72c1c6e3dccc29da52\",\"name\":\"Manuel Alves\",\"image\":{\"@type\":\"ImageObject\",\"inLanguage\":\"pt-PT\",\"@id\":\"https:\\\/\\\/secure.gravatar.com\\\/avatar\\\/612fa9f2156119af7dbc366339a25140585775f77ed54761b0df1bad73f63dae?s=96&d=mm&r=g\",\"url\":\"https:\\\/\\\/secure.gravatar.com\\\/avatar\\\/612fa9f2156119af7dbc366339a25140585775f77ed54761b0df1bad73f63dae?s=96&d=mm&r=g\",\"contentUrl\":\"https:\\\/\\\/secure.gravatar.com\\\/avatar\\\/612fa9f2156119af7dbc366339a25140585775f77ed54761b0df1bad73f63dae?s=96&d=mm&r=g\",\"caption\":\"Manuel Alves\"},\"url\":\"https:\\\/\\\/www.hotihoteis.com\\\/pt-pt\\\/author\\\/manuel-alves\\\/\"}]}<\/script>\n<!-- \/ Yoast SEO plugin. -->","yoast_head_json":{"title":"Meli\u00e1 Lisboa Oriente celebra 25\u00ba Anivers\u00e1rio - Hoti Hoteis","robots":{"index":"index","follow":"follow","max-snippet":"max-snippet:-1","max-image-preview":"max-image-preview:large","max-video-preview":"max-video-preview:-1"},"canonical":"https:\/\/www.hotihoteis.com\/pt-pt\/melia-lisboa-oriente-25aniversario\/","og_locale":"pt_PT","og_type":"article","og_title":"Meli\u00e1 Lisboa Oriente celebra 25\u00ba Anivers\u00e1rio - Hoti Hoteis","og_description":"No passado dia 22 de maio, o Hotel Meli\u00e1 Lisboa Oriente, localizado no Parque das Na\u00e7\u00f5es, em Lisboa, celebrou 25 anos de atividade. O hotel foi o primeiro estabelecimento hoteleiro na zona da Expo&#8217;98, um marco hist\u00f3rico para Portugal. Na ocasi\u00e3o, o CEO da Hoti Hoteis, Miguel Caldeira Proen\u00e7a, destacou que o hotel foi uma [&hellip;]","og_url":"https:\/\/www.hotihoteis.com\/pt-pt\/melia-lisboa-oriente-25aniversario\/","og_site_name":"Hoti Hoteis","article_published_time":"2023-05-25T11:51:32+00:00","article_modified_time":"2023-05-25T12:04:15+00:00","og_image":[{"width":700,"height":300,"url":"https:\/\/www.hotihoteis.com\/wp-content\/uploads\/2023\/05\/700x300px_VS1.jpg","type":"image\/jpeg"}],"author":"Manuel Alves","twitter_card":"summary_large_image","twitter_misc":{"Escrito por":"Manuel Alves","Tempo estimado de leitura":"2 minutos"},"schema":{"@context":"https:\/\/schema.org","@graph":[{"@type":"Article","@id":"https:\/\/www.hotihoteis.com\/pt-pt\/melia-lisboa-oriente-25aniversario\/#article","isPartOf":{"@id":"https:\/\/www.hotihoteis.com\/pt-pt\/melia-lisboa-oriente-25aniversario\/"},"author":{"name":"Manuel Alves","@id":"https:\/\/www.hotihoteis.com\/pt-pt\/#\/schema\/person\/b7b66b8333969d72c1c6e3dccc29da52"},"headline":"Meli\u00e1 Lisboa Oriente celebra 25\u00ba Anivers\u00e1rio","datePublished":"2023-05-25T11:51:32+00:00","dateModified":"2023-05-25T12:04:15+00:00","mainEntityOfPage":{"@id":"https:\/\/www.hotihoteis.com\/pt-pt\/melia-lisboa-oriente-25aniversario\/"},"wordCount":324,"commentCount":0,"image":{"@id":"https:\/\/www.hotihoteis.com\/pt-pt\/melia-lisboa-oriente-25aniversario\/#primaryimage"},"thumbnailUrl":"https:\/\/www.hotihoteis.com\/wp-content\/uploads\/2023\/05\/700x300px_VS1.jpg","inLanguage":"pt-PT","potentialAction":[{"@type":"CommentAction","name":"Comment","target":["https:\/\/www.hotihoteis.com\/pt-pt\/melia-lisboa-oriente-25aniversario\/#respond"]}]},{"@type":"WebPage","@id":"https:\/\/www.hotihoteis.com\/pt-pt\/melia-lisboa-oriente-25aniversario\/","url":"https:\/\/www.hotihoteis.com\/pt-pt\/melia-lisboa-oriente-25aniversario\/","name":"Meli\u00e1 Lisboa Oriente celebra 25\u00ba Anivers\u00e1rio - Hoti Hoteis","isPartOf":{"@id":"https:\/\/www.hotihoteis.com\/pt-pt\/#website"},"primaryImageOfPage":{"@id":"https:\/\/www.hotihoteis.com\/pt-pt\/melia-lisboa-oriente-25aniversario\/#primaryimage"},"image":{"@id":"https:\/\/www.hotihoteis.com\/pt-pt\/melia-lisboa-oriente-25aniversario\/#primaryimage"},"thumbnailUrl":"https:\/\/www.hotihoteis.com\/wp-content\/uploads\/2023\/05\/700x300px_VS1.jpg","datePublished":"2023-05-25T11:51:32+00:00","dateModified":"2023-05-25T12:04:15+00:00","author":{"@id":"https:\/\/www.hotihoteis.com\/pt-pt\/#\/schema\/person\/b7b66b8333969d72c1c6e3dccc29da52"},"breadcrumb":{"@id":"https:\/\/www.hotihoteis.com\/pt-pt\/melia-lisboa-oriente-25aniversario\/#breadcrumb"},"inLanguage":"pt-PT","potentialAction":[{"@type":"ReadAction","target":["https:\/\/www.hotihoteis.com\/pt-pt\/melia-lisboa-oriente-25aniversario\/"]}]},{"@type":"ImageObject","inLanguage":"pt-PT","@id":"https:\/\/www.hotihoteis.com\/pt-pt\/melia-lisboa-oriente-25aniversario\/#primaryimage","url":"https:\/\/www.hotihoteis.com\/wp-content\/uploads\/2023\/05\/700x300px_VS1.jpg","contentUrl":"https:\/\/www.hotihoteis.com\/wp-content\/uploads\/2023\/05\/700x300px_VS1.jpg","width":700,"height":300},{"@type":"BreadcrumbList","@id":"https:\/\/www.hotihoteis.com\/pt-pt\/melia-lisboa-oriente-25aniversario\/#breadcrumb","itemListElement":[{"@type":"ListItem","position":1,"name":"Home","item":"https:\/\/www.hotihoteis.com\/pt-pt\/"},{"@type":"ListItem","position":2,"name":"Meli\u00e1 Lisboa Oriente celebra 25\u00ba Anivers\u00e1rio"}]},{"@type":"WebSite","@id":"https:\/\/www.hotihoteis.com\/pt-pt\/#website","url":"https:\/\/www.hotihoteis.com\/pt-pt\/","name":"Hoti Hoteis","description":"Just another WordPress site","potentialAction":[{"@type":"SearchAction","target":{"@type":"EntryPoint","urlTemplate":"https:\/\/www.hotihoteis.com\/pt-pt\/?s={search_term_string}"},"query-input":{"@type":"PropertyValueSpecification","valueRequired":true,"valueName":"search_term_string"}}],"inLanguage":"pt-PT"},{"@type":"Person","@id":"https:\/\/www.hotihoteis.com\/pt-pt\/#\/schema\/person\/b7b66b8333969d72c1c6e3dccc29da52","name":"Manuel Alves","image":{"@type":"ImageObject","inLanguage":"pt-PT","@id":"https:\/\/secure.gravatar.com\/avatar\/612fa9f2156119af7dbc366339a25140585775f77ed54761b0df1bad73f63dae?s=96&d=mm&r=g","url":"https:\/\/secure.gravatar.com\/avatar\/612fa9f2156119af7dbc366339a25140585775f77ed54761b0df1bad73f63dae?s=96&d=mm&r=g","contentUrl":"https:\/\/secure.gravatar.com\/avatar\/612fa9f2156119af7dbc366339a25140585775f77ed54761b0df1bad73f63dae?s=96&d=mm&r=g","caption":"Manuel Alves"},"url":"https:\/\/www.hotihoteis.com\/pt-pt\/author\/manuel-alves\/"}]}},"publishpress_future_workflow_manual_trigger":{"enabledWorkflows":[]},"_links":{"self":[{"href":"https:\/\/www.hotihoteis.com\/pt-pt\/wp-json\/wp\/v2\/posts\/16364","targetHints":{"allow":["GET"]}}],"collection":[{"href":"https:\/\/www.hotihoteis.com\/pt-pt\/wp-json\/wp\/v2\/posts"}],"about":[{"href":"https:\/\/www.hotihoteis.com\/pt-pt\/wp-json\/wp\/v2\/types\/post"}],"author":[{"embeddable":true,"href":"https:\/\/www.hotihoteis.com\/pt-pt\/wp-json\/wp\/v2\/users\/8"}],"replies":[{"embeddable":true,"href":"https:\/\/www.hotihoteis.com\/pt-pt\/wp-json\/wp\/v2\/comments?post=16364"}],"version-history":[{"count":2,"href":"https:\/\/www.hotihoteis.com\/pt-pt\/wp-json\/wp\/v2\/posts\/16364\/revisions"}],"predecessor-version":[{"id":16388,"href":"https:\/\/www.hotihoteis.com\/pt-pt\/wp-json\/wp\/v2\/posts\/16364\/revisions\/16388"}],"wp:featuredmedia":[{"embeddable":true,"href":"https:\/\/www.hotihoteis.com\/pt-pt\/wp-json\/wp\/v2\/media\/16349"}],"wp:attachment":[{"href":"https:\/\/www.hotihoteis.com\/pt-pt\/wp-json\/wp\/v2\/media?parent=16364"}],"wp:term":[{"taxonomy":"category","embeddable":true,"href":"https:\/\/www.hotihoteis.com\/pt-pt\/wp-json\/wp\/v2\/categories?post=16364"},{"taxonomy":"post_tag","embeddable":true,"href":"https:\/\/www.hotihoteis.com\/pt-pt\/wp-json\/wp\/v2\/tags?post=16364"}],"curies":[{"name":"wp","href":"https:\/\/api.w.org\/{rel}","templated":true}]}}