{"id":30048,"date":"2025-02-04T17:32:25","date_gmt":"2025-02-04T17:32:25","guid":{"rendered":"https:\/\/www.hotihoteis.com\/?p=30048"},"modified":"2025-02-04T17:42:43","modified_gmt":"2025-02-04T17:42:43","slug":"innside-by-melia-braga-centro-nomeado-em-tres-categorias-dos-premios-nacionais-do-imobiliario-2025","status":"publish","type":"post","link":"https:\/\/www.hotihoteis.com\/pt-pt\/innside-by-melia-braga-centro-nomeado-em-tres-categorias-dos-premios-nacionais-do-imobiliario-2025\/","title":{"rendered":"INNSiDE Braga Centro nomeado para os Pr\u00e9mios Nacionais do Imobili\u00e1rio 2025"},"content":{"rendered":"<p><img loading=\"lazy\" decoding=\"async\" class=\"alignnone size-medium wp-image-30054\" src=\"https:\/\/www.hotihoteis.com\/wp-content\/uploads\/2025\/02\/Design-sem-nome-2025-02-04T172601.446-300x300.png\" alt=\"\" width=\"300\" height=\"300\" srcset=\"https:\/\/www.hotihoteis.com\/wp-content\/uploads\/2025\/02\/Design-sem-nome-2025-02-04T172601.446-300x300.png 300w, https:\/\/www.hotihoteis.com\/wp-content\/uploads\/2025\/02\/Design-sem-nome-2025-02-04T172601.446-150x150.png 150w, https:\/\/www.hotihoteis.com\/wp-content\/uploads\/2025\/02\/Design-sem-nome-2025-02-04T172601.446-120x120.png 120w, https:\/\/www.hotihoteis.com\/wp-content\/uploads\/2025\/02\/Design-sem-nome-2025-02-04T172601.446.png 350w\" sizes=\"auto, (max-width: 300px) 100vw, 300px\" \/><\/p>\n","protected":false},"excerpt":{"rendered":"","protected":false},"author":9,"featured_media":30054,"comment_status":"open","ping_status":"closed","sticky":false,"template":"","format":"standard","meta":{"_acf_changed":false,"footnotes":""},"categories":[4],"tags":[],"class_list":["post-30048","post","type-post","status-publish","format-standard","hentry","category-sem-categoria"],"acf":[],"yoast_head":"<!-- This site is optimized with the Yoast SEO plugin v27.5 - https:\/\/yoast.com\/product\/yoast-seo-wordpress\/ -->\n<title>INNSiDE Braga Centro nomeado para os Pr\u00e9mios Nacionais do Imobili\u00e1rio 2025 - Hoti Hoteis<\/title>\n<meta name=\"description\" content=\"INNSiDE by Meli\u00e1 Braga Centro foi nomeado em tr\u00eas categorias dos Pr\u00e9mios Nacionais do Imobili\u00e1rio 2025\" \/>\n<meta name=\"robots\" content=\"index, follow, max-snippet:-1, max-image-preview:large, max-video-preview:-1\" \/>\n<link rel=\"canonical\" href=\"https:\/\/www.hotihoteis.com\/pt-pt\/innside-by-melia-braga-centro-nomeado-em-tres-categorias-dos-premios-nacionais-do-imobiliario-2025\/\" \/>\n<meta property=\"og:locale\" content=\"pt_PT\" \/>\n<meta property=\"og:type\" content=\"article\" \/>\n<meta property=\"og:title\" content=\"INNSiDE Braga Centro nomeado para os Pr\u00e9mios Nacionais do Imobili\u00e1rio 2025 - Hoti Hoteis\" \/>\n<meta property=\"og:description\" content=\"INNSiDE by Meli\u00e1 Braga Centro foi nomeado em tr\u00eas categorias dos Pr\u00e9mios Nacionais do Imobili\u00e1rio 2025\" \/>\n<meta property=\"og:url\" content=\"https:\/\/www.hotihoteis.com\/pt-pt\/innside-by-melia-braga-centro-nomeado-em-tres-categorias-dos-premios-nacionais-do-imobiliario-2025\/\" \/>\n<meta property=\"og:site_name\" content=\"Hoti Hoteis\" \/>\n<meta property=\"article:published_time\" content=\"2025-02-04T17:32:25+00:00\" \/>\n<meta property=\"article:modified_time\" content=\"2025-02-04T17:42:43+00:00\" \/>\n<meta property=\"og:image\" content=\"https:\/\/www.hotihoteis.com\/wp-content\/uploads\/2025\/02\/Design-sem-nome-2025-02-04T172601.446.png\" \/>\n\t<meta property=\"og:image:width\" content=\"350\" \/>\n\t<meta property=\"og:image:height\" content=\"350\" \/>\n\t<meta property=\"og:image:type\" content=\"image\/png\" \/>\n<meta name=\"author\" content=\"Anabela Pinto\" \/>\n<meta name=\"twitter:card\" content=\"summary_large_image\" \/>\n<meta name=\"twitter:label1\" content=\"Escrito por\" \/>\n\t<meta name=\"twitter:data1\" content=\"Anabela Pinto\" \/>\n\t<meta name=\"twitter:label2\" content=\"Tempo estimado de leitura\" \/>\n\t<meta name=\"twitter:data2\" content=\"1 minuto\" \/>\n<script type=\"application\/ld+json\" class=\"yoast-schema-graph\">{\"@context\":\"https:\\\/\\\/schema.org\",\"@graph\":[{\"@type\":\"Article\",\"@id\":\"https:\\\/\\\/www.hotihoteis.com\\\/pt-pt\\\/innside-by-melia-braga-centro-nomeado-em-tres-categorias-dos-premios-nacionais-do-imobiliario-2025\\\/#article\",\"isPartOf\":{\"@id\":\"https:\\\/\\\/www.hotihoteis.com\\\/pt-pt\\\/innside-by-melia-braga-centro-nomeado-em-tres-categorias-dos-premios-nacionais-do-imobiliario-2025\\\/\"},\"author\":{\"name\":\"Anabela Pinto\",\"@id\":\"https:\\\/\\\/www.hotihoteis.com\\\/pt-pt\\\/#\\\/schema\\\/person\\\/1de245417da7406e1f9863085b291cc6\"},\"headline\":\"INNSiDE Braga Centro nomeado para os Pr\u00e9mios Nacionais do Imobili\u00e1rio 2025\",\"datePublished\":\"2025-02-04T17:32:25+00:00\",\"dateModified\":\"2025-02-04T17:42:43+00:00\",\"mainEntityOfPage\":{\"@id\":\"https:\\\/\\\/www.hotihoteis.com\\\/pt-pt\\\/innside-by-melia-braga-centro-nomeado-em-tres-categorias-dos-premios-nacionais-do-imobiliario-2025\\\/\"},\"wordCount\":12,\"commentCount\":0,\"image\":{\"@id\":\"https:\\\/\\\/www.hotihoteis.com\\\/pt-pt\\\/innside-by-melia-braga-centro-nomeado-em-tres-categorias-dos-premios-nacionais-do-imobiliario-2025\\\/#primaryimage\"},\"thumbnailUrl\":\"https:\\\/\\\/www.hotihoteis.com\\\/wp-content\\\/uploads\\\/2025\\\/02\\\/Design-sem-nome-2025-02-04T172601.446.png\",\"inLanguage\":\"pt-PT\",\"potentialAction\":[{\"@type\":\"CommentAction\",\"name\":\"Comment\",\"target\":[\"https:\\\/\\\/www.hotihoteis.com\\\/pt-pt\\\/innside-by-melia-braga-centro-nomeado-em-tres-categorias-dos-premios-nacionais-do-imobiliario-2025\\\/#respond\"]}]},{\"@type\":\"WebPage\",\"@id\":\"https:\\\/\\\/www.hotihoteis.com\\\/pt-pt\\\/innside-by-melia-braga-centro-nomeado-em-tres-categorias-dos-premios-nacionais-do-imobiliario-2025\\\/\",\"url\":\"https:\\\/\\\/www.hotihoteis.com\\\/pt-pt\\\/innside-by-melia-braga-centro-nomeado-em-tres-categorias-dos-premios-nacionais-do-imobiliario-2025\\\/\",\"name\":\"INNSiDE Braga Centro nomeado para os Pr\u00e9mios Nacionais do Imobili\u00e1rio 2025 - Hoti Hoteis\",\"isPartOf\":{\"@id\":\"https:\\\/\\\/www.hotihoteis.com\\\/pt-pt\\\/#website\"},\"primaryImageOfPage\":{\"@id\":\"https:\\\/\\\/www.hotihoteis.com\\\/pt-pt\\\/innside-by-melia-braga-centro-nomeado-em-tres-categorias-dos-premios-nacionais-do-imobiliario-2025\\\/#primaryimage\"},\"image\":{\"@id\":\"https:\\\/\\\/www.hotihoteis.com\\\/pt-pt\\\/innside-by-melia-braga-centro-nomeado-em-tres-categorias-dos-premios-nacionais-do-imobiliario-2025\\\/#primaryimage\"},\"thumbnailUrl\":\"https:\\\/\\\/www.hotihoteis.com\\\/wp-content\\\/uploads\\\/2025\\\/02\\\/Design-sem-nome-2025-02-04T172601.446.png\",\"datePublished\":\"2025-02-04T17:32:25+00:00\",\"dateModified\":\"2025-02-04T17:42:43+00:00\",\"author\":{\"@id\":\"https:\\\/\\\/www.hotihoteis.com\\\/pt-pt\\\/#\\\/schema\\\/person\\\/1de245417da7406e1f9863085b291cc6\"},\"description\":\"INNSiDE by Meli\u00e1 Braga Centro foi nomeado em tr\u00eas categorias dos Pr\u00e9mios Nacionais do Imobili\u00e1rio 2025\",\"breadcrumb\":{\"@id\":\"https:\\\/\\\/www.hotihoteis.com\\\/pt-pt\\\/innside-by-melia-braga-centro-nomeado-em-tres-categorias-dos-premios-nacionais-do-imobiliario-2025\\\/#breadcrumb\"},\"inLanguage\":\"pt-PT\",\"potentialAction\":[{\"@type\":\"ReadAction\",\"target\":[\"https:\\\/\\\/www.hotihoteis.com\\\/pt-pt\\\/innside-by-melia-braga-centro-nomeado-em-tres-categorias-dos-premios-nacionais-do-imobiliario-2025\\\/\"]}]},{\"@type\":\"ImageObject\",\"inLanguage\":\"pt-PT\",\"@id\":\"https:\\\/\\\/www.hotihoteis.com\\\/pt-pt\\\/innside-by-melia-braga-centro-nomeado-em-tres-categorias-dos-premios-nacionais-do-imobiliario-2025\\\/#primaryimage\",\"url\":\"https:\\\/\\\/www.hotihoteis.com\\\/wp-content\\\/uploads\\\/2025\\\/02\\\/Design-sem-nome-2025-02-04T172601.446.png\",\"contentUrl\":\"https:\\\/\\\/www.hotihoteis.com\\\/wp-content\\\/uploads\\\/2025\\\/02\\\/Design-sem-nome-2025-02-04T172601.446.png\",\"width\":350,\"height\":350},{\"@type\":\"BreadcrumbList\",\"@id\":\"https:\\\/\\\/www.hotihoteis.com\\\/pt-pt\\\/innside-by-melia-braga-centro-nomeado-em-tres-categorias-dos-premios-nacionais-do-imobiliario-2025\\\/#breadcrumb\",\"itemListElement\":[{\"@type\":\"ListItem\",\"position\":1,\"name\":\"Home\",\"item\":\"https:\\\/\\\/www.hotihoteis.com\\\/pt-pt\\\/\"},{\"@type\":\"ListItem\",\"position\":2,\"name\":\"INNSiDE Braga Centro nomeado para os Pr\u00e9mios Nacionais do Imobili\u00e1rio 2025\"}]},{\"@type\":\"WebSite\",\"@id\":\"https:\\\/\\\/www.hotihoteis.com\\\/pt-pt\\\/#website\",\"url\":\"https:\\\/\\\/www.hotihoteis.com\\\/pt-pt\\\/\",\"name\":\"Hoti Hoteis\",\"description\":\"Just another WordPress site\",\"potentialAction\":[{\"@type\":\"SearchAction\",\"target\":{\"@type\":\"EntryPoint\",\"urlTemplate\":\"https:\\\/\\\/www.hotihoteis.com\\\/pt-pt\\\/?s={search_term_string}\"},\"query-input\":{\"@type\":\"PropertyValueSpecification\",\"valueRequired\":true,\"valueName\":\"search_term_string\"}}],\"inLanguage\":\"pt-PT\"},{\"@type\":\"Person\",\"@id\":\"https:\\\/\\\/www.hotihoteis.com\\\/pt-pt\\\/#\\\/schema\\\/person\\\/1de245417da7406e1f9863085b291cc6\",\"name\":\"Anabela Pinto\",\"image\":{\"@type\":\"ImageObject\",\"inLanguage\":\"pt-PT\",\"@id\":\"https:\\\/\\\/secure.gravatar.com\\\/avatar\\\/0d04dcbaf1cd1405b698e4e4b2a0e0521425289903db18c6221fb8a59ff46f56?s=96&d=mm&r=g\",\"url\":\"https:\\\/\\\/secure.gravatar.com\\\/avatar\\\/0d04dcbaf1cd1405b698e4e4b2a0e0521425289903db18c6221fb8a59ff46f56?s=96&d=mm&r=g\",\"contentUrl\":\"https:\\\/\\\/secure.gravatar.com\\\/avatar\\\/0d04dcbaf1cd1405b698e4e4b2a0e0521425289903db18c6221fb8a59ff46f56?s=96&d=mm&r=g\",\"caption\":\"Anabela Pinto\"},\"url\":\"https:\\\/\\\/www.hotihoteis.com\\\/pt-pt\\\/author\\\/anabela-pinto\\\/\"}]}<\/script>\n<!-- \/ Yoast SEO plugin. -->","yoast_head_json":{"title":"INNSiDE Braga Centro nomeado para os Pr\u00e9mios Nacionais do Imobili\u00e1rio 2025 - Hoti Hoteis","description":"INNSiDE by Meli\u00e1 Braga Centro foi nomeado em tr\u00eas categorias dos Pr\u00e9mios Nacionais do Imobili\u00e1rio 2025","robots":{"index":"index","follow":"follow","max-snippet":"max-snippet:-1","max-image-preview":"max-image-preview:large","max-video-preview":"max-video-preview:-1"},"canonical":"https:\/\/www.hotihoteis.com\/pt-pt\/innside-by-melia-braga-centro-nomeado-em-tres-categorias-dos-premios-nacionais-do-imobiliario-2025\/","og_locale":"pt_PT","og_type":"article","og_title":"INNSiDE Braga Centro nomeado para os Pr\u00e9mios Nacionais do Imobili\u00e1rio 2025 - Hoti Hoteis","og_description":"INNSiDE by Meli\u00e1 Braga Centro foi nomeado em tr\u00eas categorias dos Pr\u00e9mios Nacionais do Imobili\u00e1rio 2025","og_url":"https:\/\/www.hotihoteis.com\/pt-pt\/innside-by-melia-braga-centro-nomeado-em-tres-categorias-dos-premios-nacionais-do-imobiliario-2025\/","og_site_name":"Hoti Hoteis","article_published_time":"2025-02-04T17:32:25+00:00","article_modified_time":"2025-02-04T17:42:43+00:00","og_image":[{"width":350,"height":350,"url":"https:\/\/www.hotihoteis.com\/wp-content\/uploads\/2025\/02\/Design-sem-nome-2025-02-04T172601.446.png","type":"image\/png"}],"author":"Anabela Pinto","twitter_card":"summary_large_image","twitter_misc":{"Escrito por":"Anabela Pinto","Tempo estimado de leitura":"1 minuto"},"schema":{"@context":"https:\/\/schema.org","@graph":[{"@type":"Article","@id":"https:\/\/www.hotihoteis.com\/pt-pt\/innside-by-melia-braga-centro-nomeado-em-tres-categorias-dos-premios-nacionais-do-imobiliario-2025\/#article","isPartOf":{"@id":"https:\/\/www.hotihoteis.com\/pt-pt\/innside-by-melia-braga-centro-nomeado-em-tres-categorias-dos-premios-nacionais-do-imobiliario-2025\/"},"author":{"name":"Anabela Pinto","@id":"https:\/\/www.hotihoteis.com\/pt-pt\/#\/schema\/person\/1de245417da7406e1f9863085b291cc6"},"headline":"INNSiDE Braga Centro nomeado para os Pr\u00e9mios Nacionais do Imobili\u00e1rio 2025","datePublished":"2025-02-04T17:32:25+00:00","dateModified":"2025-02-04T17:42:43+00:00","mainEntityOfPage":{"@id":"https:\/\/www.hotihoteis.com\/pt-pt\/innside-by-melia-braga-centro-nomeado-em-tres-categorias-dos-premios-nacionais-do-imobiliario-2025\/"},"wordCount":12,"commentCount":0,"image":{"@id":"https:\/\/www.hotihoteis.com\/pt-pt\/innside-by-melia-braga-centro-nomeado-em-tres-categorias-dos-premios-nacionais-do-imobiliario-2025\/#primaryimage"},"thumbnailUrl":"https:\/\/www.hotihoteis.com\/wp-content\/uploads\/2025\/02\/Design-sem-nome-2025-02-04T172601.446.png","inLanguage":"pt-PT","potentialAction":[{"@type":"CommentAction","name":"Comment","target":["https:\/\/www.hotihoteis.com\/pt-pt\/innside-by-melia-braga-centro-nomeado-em-tres-categorias-dos-premios-nacionais-do-imobiliario-2025\/#respond"]}]},{"@type":"WebPage","@id":"https:\/\/www.hotihoteis.com\/pt-pt\/innside-by-melia-braga-centro-nomeado-em-tres-categorias-dos-premios-nacionais-do-imobiliario-2025\/","url":"https:\/\/www.hotihoteis.com\/pt-pt\/innside-by-melia-braga-centro-nomeado-em-tres-categorias-dos-premios-nacionais-do-imobiliario-2025\/","name":"INNSiDE Braga Centro nomeado para os Pr\u00e9mios Nacionais do Imobili\u00e1rio 2025 - Hoti Hoteis","isPartOf":{"@id":"https:\/\/www.hotihoteis.com\/pt-pt\/#website"},"primaryImageOfPage":{"@id":"https:\/\/www.hotihoteis.com\/pt-pt\/innside-by-melia-braga-centro-nomeado-em-tres-categorias-dos-premios-nacionais-do-imobiliario-2025\/#primaryimage"},"image":{"@id":"https:\/\/www.hotihoteis.com\/pt-pt\/innside-by-melia-braga-centro-nomeado-em-tres-categorias-dos-premios-nacionais-do-imobiliario-2025\/#primaryimage"},"thumbnailUrl":"https:\/\/www.hotihoteis.com\/wp-content\/uploads\/2025\/02\/Design-sem-nome-2025-02-04T172601.446.png","datePublished":"2025-02-04T17:32:25+00:00","dateModified":"2025-02-04T17:42:43+00:00","author":{"@id":"https:\/\/www.hotihoteis.com\/pt-pt\/#\/schema\/person\/1de245417da7406e1f9863085b291cc6"},"description":"INNSiDE by Meli\u00e1 Braga Centro foi nomeado em tr\u00eas categorias dos Pr\u00e9mios Nacionais do Imobili\u00e1rio 2025","breadcrumb":{"@id":"https:\/\/www.hotihoteis.com\/pt-pt\/innside-by-melia-braga-centro-nomeado-em-tres-categorias-dos-premios-nacionais-do-imobiliario-2025\/#breadcrumb"},"inLanguage":"pt-PT","potentialAction":[{"@type":"ReadAction","target":["https:\/\/www.hotihoteis.com\/pt-pt\/innside-by-melia-braga-centro-nomeado-em-tres-categorias-dos-premios-nacionais-do-imobiliario-2025\/"]}]},{"@type":"ImageObject","inLanguage":"pt-PT","@id":"https:\/\/www.hotihoteis.com\/pt-pt\/innside-by-melia-braga-centro-nomeado-em-tres-categorias-dos-premios-nacionais-do-imobiliario-2025\/#primaryimage","url":"https:\/\/www.hotihoteis.com\/wp-content\/uploads\/2025\/02\/Design-sem-nome-2025-02-04T172601.446.png","contentUrl":"https:\/\/www.hotihoteis.com\/wp-content\/uploads\/2025\/02\/Design-sem-nome-2025-02-04T172601.446.png","width":350,"height":350},{"@type":"BreadcrumbList","@id":"https:\/\/www.hotihoteis.com\/pt-pt\/innside-by-melia-braga-centro-nomeado-em-tres-categorias-dos-premios-nacionais-do-imobiliario-2025\/#breadcrumb","itemListElement":[{"@type":"ListItem","position":1,"name":"Home","item":"https:\/\/www.hotihoteis.com\/pt-pt\/"},{"@type":"ListItem","position":2,"name":"INNSiDE Braga Centro nomeado para os Pr\u00e9mios Nacionais do Imobili\u00e1rio 2025"}]},{"@type":"WebSite","@id":"https:\/\/www.hotihoteis.com\/pt-pt\/#website","url":"https:\/\/www.hotihoteis.com\/pt-pt\/","name":"Hoti Hoteis","description":"Just another WordPress site","potentialAction":[{"@type":"SearchAction","target":{"@type":"EntryPoint","urlTemplate":"https:\/\/www.hotihoteis.com\/pt-pt\/?s={search_term_string}"},"query-input":{"@type":"PropertyValueSpecification","valueRequired":true,"valueName":"search_term_string"}}],"inLanguage":"pt-PT"},{"@type":"Person","@id":"https:\/\/www.hotihoteis.com\/pt-pt\/#\/schema\/person\/1de245417da7406e1f9863085b291cc6","name":"Anabela Pinto","image":{"@type":"ImageObject","inLanguage":"pt-PT","@id":"https:\/\/secure.gravatar.com\/avatar\/0d04dcbaf1cd1405b698e4e4b2a0e0521425289903db18c6221fb8a59ff46f56?s=96&d=mm&r=g","url":"https:\/\/secure.gravatar.com\/avatar\/0d04dcbaf1cd1405b698e4e4b2a0e0521425289903db18c6221fb8a59ff46f56?s=96&d=mm&r=g","contentUrl":"https:\/\/secure.gravatar.com\/avatar\/0d04dcbaf1cd1405b698e4e4b2a0e0521425289903db18c6221fb8a59ff46f56?s=96&d=mm&r=g","caption":"Anabela Pinto"},"url":"https:\/\/www.hotihoteis.com\/pt-pt\/author\/anabela-pinto\/"}]}},"publishpress_future_workflow_manual_trigger":{"enabledWorkflows":[]},"_links":{"self":[{"href":"https:\/\/www.hotihoteis.com\/pt-pt\/wp-json\/wp\/v2\/posts\/30048","targetHints":{"allow":["GET"]}}],"collection":[{"href":"https:\/\/www.hotihoteis.com\/pt-pt\/wp-json\/wp\/v2\/posts"}],"about":[{"href":"https:\/\/www.hotihoteis.com\/pt-pt\/wp-json\/wp\/v2\/types\/post"}],"author":[{"embeddable":true,"href":"https:\/\/www.hotihoteis.com\/pt-pt\/wp-json\/wp\/v2\/users\/9"}],"replies":[{"embeddable":true,"href":"https:\/\/www.hotihoteis.com\/pt-pt\/wp-json\/wp\/v2\/comments?post=30048"}],"version-history":[{"count":7,"href":"https:\/\/www.hotihoteis.com\/pt-pt\/wp-json\/wp\/v2\/posts\/30048\/revisions"}],"predecessor-version":[{"id":30060,"href":"https:\/\/www.hotihoteis.com\/pt-pt\/wp-json\/wp\/v2\/posts\/30048\/revisions\/30060"}],"wp:featuredmedia":[{"embeddable":true,"href":"https:\/\/www.hotihoteis.com\/pt-pt\/wp-json\/wp\/v2\/media\/30054"}],"wp:attachment":[{"href":"https:\/\/www.hotihoteis.com\/pt-pt\/wp-json\/wp\/v2\/media?parent=30048"}],"wp:term":[{"taxonomy":"category","embeddable":true,"href":"https:\/\/www.hotihoteis.com\/pt-pt\/wp-json\/wp\/v2\/categories?post=30048"},{"taxonomy":"post_tag","embeddable":true,"href":"https:\/\/www.hotihoteis.com\/pt-pt\/wp-json\/wp\/v2\/tags?post=30048"}],"curies":[{"name":"wp","href":"https:\/\/api.w.org\/{rel}","templated":true}]}}